{"id":10890,"date":"2022-03-31T12:17:36","date_gmt":"2022-03-31T10:17:36","guid":{"rendered":"https:\/\/gastro.digital\/?p=10890"},"modified":"2022-03-31T12:17:39","modified_gmt":"2022-03-31T10:17:39","slug":"internorga-2022","status":"publish","type":"post","link":"https:\/\/gastro.digital\/en\/2022\/03\/31\/internorga-2022\/","title":{"rendered":"Internorga 2022"},"content":{"rendered":"<h2 class=\"wp-block-heading\">Willkommen zur\u00fcck!<\/h2>\n\n\n\n<p>Mitten im Fr\u00fchjahr, vom 30. April bis zum 4. Mai, findet das gro\u00dfe Branchentreffen endlich wieder in Hamburg statt. Wir stellen Ihnen wieder unsere digitalen Produkte f\u00fcr die Gastronomie vor.<\/p>\n\n\n\n<p>Wir freuen uns auf Sie!<\/p>","protected":false},"excerpt":{"rendered":"<p>Willkommen zur\u00fcck! Mitten im Fr\u00fchjahr, vom 30. April bis zum 4. Mai, findet das gro\u00dfe Branchentreffen endlich wieder in Hamburg statt. Wir stellen Ihnen wieder unsere digitalen Produkte f\u00fcr die Gastronomie vor. Wir freuen uns auf Sie!<\/p>","protected":false},"author":4,"featured_media":10891,"comment_status":"closed","ping_status":"open","sticky":false,"template":"","format":"standard","meta":{"_acf_changed":false,"content-type":"","footnotes":""},"categories":[32],"tags":[],"class_list":["post-10890","post","type-post","status-publish","format-standard","has-post-thumbnail","hentry","category-messen-wir-sind-dabei"],"acf":[],"aioseo_notices":[],"_links":{"self":[{"href":"https:\/\/gastro.digital\/en\/wp-json\/wp\/v2\/posts\/10890","targetHints":{"allow":["GET"]}}],"collection":[{"href":"https:\/\/gastro.digital\/en\/wp-json\/wp\/v2\/posts"}],"about":[{"href":"https:\/\/gastro.digital\/en\/wp-json\/wp\/v2\/types\/post"}],"author":[{"embeddable":true,"href":"https:\/\/gastro.digital\/en\/wp-json\/wp\/v2\/users\/4"}],"replies":[{"embeddable":true,"href":"https:\/\/gastro.digital\/en\/wp-json\/wp\/v2\/comments?post=10890"}],"version-history":[{"count":1,"href":"https:\/\/gastro.digital\/en\/wp-json\/wp\/v2\/posts\/10890\/revisions"}],"predecessor-version":[{"id":10892,"href":"https:\/\/gastro.digital\/en\/wp-json\/wp\/v2\/posts\/10890\/revisions\/10892"}],"wp:featuredmedia":[{"embeddable":true,"href":"https:\/\/gastro.digital\/en\/wp-json\/wp\/v2\/media\/10891"}],"wp:attachment":[{"href":"https:\/\/gastro.digital\/en\/wp-json\/wp\/v2\/media?parent=10890"}],"wp:term":[{"taxonomy":"category","embeddable":true,"href":"https:\/\/gastro.digital\/en\/wp-json\/wp\/v2\/categories?post=10890"},{"taxonomy":"post_tag","embeddable":true,"href":"https:\/\/gastro.digital\/en\/wp-json\/wp\/v2\/tags?post=10890"}],"curies":[{"name":"wp","href":"https:\/\/api.w.org\/{rel}","templated":true}]}}